{"provider_url": "https://www.piloes.rn.leg.br", "title": "Delc\u00eddio do Amaral n\u00e3o tem data para reassumir.", "html": "<p style=\"text-align: justify; \">A assessoria do senador <strong>Delc\u00eddio do Amaral</strong> (PT-MS) informa que ele quer esclarecer os detalhes sobre o recolhimento domiciliar ao qual est\u00e1 submetido para decidir quando voltar\u00e1 \u00e0s atividades no Senado. A expectativa \u00e9 de que reassuma o mandato ainda nesta semana, mas n\u00e3o h\u00e1 uma data definida. Delc\u00eddio estava preso preventivamente desde novembro de 2015, acusado de tentar atrapalhar as investiga\u00e7\u00f5es da Opera\u00e7\u00e3o Lava Jato. Na sexta-feira passada, o STF decidiu revogar a pris\u00e3o do senador, que ficou quase tr\u00eas meses afastado do Senado.</p>\r\n<p style=\"text-align: justify; \">\u00a0</p>\r\n<p style=\"text-align: justify; \">Publicado em Robson Pires, por <a class=\"external-link\" href=\"http://www.robsonpiresxerife.com/\" target=\"_self\" title=\"\">Blog Robson Pires.</a></p>", "author_name": "pie", "version": "1.0", "author_url": "https://www.piloes.rn.leg.br/author/pie", "provider_name": "C\u00e2mara Municipal", "type": "rich"}